{"id":267,"date":"2021-12-06T14:36:00","date_gmt":"2021-12-06T13:36:00","guid":{"rendered":"http:\/\/www.irppsy.com\/?p=267"},"modified":"2023-03-12T18:31:50","modified_gmt":"2023-03-12T17:31:50","slug":"formation-act-flow","status":"publish","type":"post","link":"https:\/\/www.irppsy.com\/index.php\/2021\/12\/06\/formation-act-flow\/","title":{"rendered":"Formation ACT FLOW (NIV II) \u00a0\u00e0 Distance (zoom) 2023"},"content":{"rendered":"<p><span style=\"color: #0693e3;\"><strong>2 Journ\u00e9es pour entrainer vos comp\u00e9tences de mani\u00e8re cibl\u00e9e sur les 6 processus centraux de l&rsquo;ACT. Une formation unique en France depuis 2019 ! \u00a0<\/strong><\/span><\/p>\n<p><span style=\"color: #ff0000;\"><strong>\u00a0 Envoyez nous un e-mail \u00e0 contact@irppsy.com si vous \u00eates int\u00e9ress\u00e9(e).<\/strong><\/span><\/p>\n<p><strong><span style=\"color: #0a3978;\"><a href=\"https:\/\/www.irppsy.com\/index.php\/2019\/03\/22\/formation-act-sante\/notepad-690335_1920\/\" rel=\"attachment wp-att-670\"><img loading=\"lazy\" decoding=\"async\" class=\"size-thumbnail wp-image-670 alignleft\" style=\"margin-left: 10px; margin-right: 10px; border-width: 1px; border-style: solid;\" src=\"https:\/\/www.irppsy.com\/wp-content\/uploads\/2019\/03\/notepad-690335_1920-150x150.jpg\" alt=\"Formation\" width=\"150\" height=\"150\" srcset=\"https:\/\/www.irppsy.com\/wp-content\/uploads\/2019\/03\/notepad-690335_1920-150x150.jpg 150w, https:\/\/www.irppsy.com\/wp-content\/uploads\/2019\/03\/notepad-690335_1920-70x70.jpg 70w, https:\/\/www.irppsy.com\/wp-content\/uploads\/2019\/03\/notepad-690335_1920-246x246.jpg 246w, https:\/\/www.irppsy.com\/wp-content\/uploads\/2019\/03\/notepad-690335_1920-276x276.jpg 276w, https:\/\/www.irppsy.com\/wp-content\/uploads\/2019\/03\/notepad-690335_1920-125x125.jpg 125w\" sizes=\"auto, (max-width: 150px) 100vw, 150px\" \/><\/a><\/span><\/strong><\/p>\n<p><strong><span style=\"color: #0a3978;\"><br \/>\nLa formation ACT FLOW vise \u00e0 am\u00e9liorer la flexibilit\u00e9 du th\u00e9rapeute et de la pratique de\u00a0l\u2019ACT, par une \u00e9valuation du th\u00e9rapeute de sa propre utilisation des processus de l&rsquo;ACT et un travail cibl\u00e9 sur les processus centraux de cette th\u00e9rapie.<\/span><\/strong>\u00a0 Cette formation est enrichie par les derniers d\u00e9veloppements de l\u2019ACT quant \u00e0 la th\u00e9rapie\u00a0comportementale et cognitive bas\u00e9e sur les processus et les d\u00e9veloppements dus aux\u00a0apports des sciences de l\u2019\u00e9volution.<\/p>\n<p><em><strong>Cette formation vise plus sp\u00e9cifiquement :<\/strong><\/em><\/p>\n<ul>\n<li style=\"list-style-type: none;\">\n<ul>\n<li><b>\u00a0Les aspects th\u00e9oriques de l\u2019ACT<\/b> n\u00e9cessaires \u00e0 la flexibilisation du traitement (r\u00e9sum\u00e9s du mod\u00e8le contextuel &amp; de la th\u00e9orie des cadres relationnels -TCR, approche processuelle et \u00e9volutionniste, recherches sp\u00e9cifiques).<\/li>\n<li><span style=\"font-weight: 600;\">Apr\u00e8s<\/span><b>\u00a0une \u00e9valuation\u00a0<\/b><span style=\"font-weight: 600;\">personnelle de vos comp\u00e9tences, \u00e0 t<\/span><b>ravailler en pratique d\u00e9lib\u00e9r\u00e9e,<\/b> au seuil de ses capacit\u00e9s, les diff\u00e9rents processus de l\u2019ACT. \u00a0Pour s\u2019entrainer en situations cliniques sc\u00e9naris\u00e9es, et \u00e0 partir de situations r\u00e9elles issues de la pratique personnelle (intervision), et d\u00e9velopper de nouvelles comp\u00e9tences<\/li>\n<li><b>A Mobiliser<\/b> les diff\u00e9rents processus de l\u2019ACT de mani\u00e8re naturelle dans l\u2019interaction th\u00e9rapeutique.<\/li>\n<\/ul>\n<\/li>\n<\/ul>\n<hr \/>\n<blockquote><p><strong><em>Ils nous ont autoris\u00e9 \u00e0 partager leurs commentaires sur cette formation :<\/em><\/strong><\/p><\/blockquote>\n<p>\u00a0\u00bb Tr\u00e8s satisfaite de cette formation qui me permet de mettre en pratique avec plus de flexibilit\u00e9 aux diff\u00e9rentes \u00e9tapes de l\u2019hexaflex. Les interactions et jeux de r\u00f4le sont tr\u00e8s formateurs. L\u2019appui th\u00e9orique tr\u00e8s enrichissant. Les \u00e9changes sont fructueux, ouverts et m\u2019ont permis de me sentir plus \u00e0 l\u2019aise pour poursuivre cette th\u00e9rapie.\u201d<\/p>\n<p><strong>Recommanderiez-vous cette formation, si oui pourquoi ?<br \/>\n<\/strong>\u201cOui formation tr\u00e8s vivifiante qui remet le patient au c\u0153ur de la th\u00e9rapie, comme acteur, augmente sa flexibilit\u00e9, recentre sur ses valeurs \u00e0 travers des possibles -Elle sort des cat\u00e9gorisations (DSM) et est ouverte \u00e0 tous les troubles psycho pathologiques.\u201d<\/p>\n<p><em><strong>Martine Beaudouin, Psychiatre .<\/strong><\/em><\/p>\n<p>\u00ab\u00a0Formation Dense et participative, nombreux exemples et outils, un regard des participants qui permet d&rsquo;\u00e9largir nos id\u00e9es et d&rsquo;essayer de nouvelles m\u00e9thodes. \u00a0Merci Christophe pour ton \u00e9nergie et ton enthousiasme \u00e0 partager tes connaissances\/techniques\/m\u00e9taphores !\u00a0\u00bb<\/p>\n<p><em><strong>Sandra Kolodrub.<\/strong><\/em><\/p>\n<p>\u00ab\u00a0Tr\u00e8s bonne session d&rsquo;approfondissement ACT pour am\u00e9liorer sa pratique sur la connexion au moment pr\u00e9sent, l&rsquo;exploration des valeurs. Merci Christophe !\u00a0\u00bb<\/p>\n<p><em><strong>Marie Bitaud, Di\u00e9t\u00e9ticienne.<\/strong><\/em><\/p>\n<p>\u00ab\u00a0Une Formation qui permet d&rsquo;op\u00e9rationnaliser la th\u00e9orie. S&rsquo;entrainer dans un environnement bienveillant permet d&rsquo;int\u00e9grer la m\u00e9thode.\u00a0\u00bb<\/p>\n<p><em><strong>C\u00e9dric Di Liegro, Psychologue.<\/strong><\/em><\/p>\n<p>\u00ab\u00a0Formation tr\u00e8s int\u00e9ressante permettant d&rsquo;approfondir les notions acquises lors de l&rsquo;ACT Start.\u00a0\u00bb<\/p>\n<p><em><strong>Estelle P\u00e9tiniaud.<\/strong><\/em><\/p>\n<p>\u00ab\u00a0Formation concr\u00e8te, bien \u00e9quilibr\u00e9e entre la th\u00e9orie et la pratique. L&rsquo;illustration de chaque processus par une s\u00e9quence de vid\u00e9os, avec des exemples de r\u00e9ponses expliqu\u00e9es et argument\u00e9es favorisent l&rsquo;appropriation. \u00a0Contenus directement utilisables dans la pratique au quotidien.\u00a0\u00a0\u00bb<\/p>\n<p><em><strong>Caroline Haddad, psychologue clinicienne.<\/strong><\/em><\/p>\n<hr \/>\n<p><strong><span style=\"color: #0a3978;\">INFORMATIONS COMPLEMENTAIRES :<\/span><\/strong><\/p>\n<p><span style=\"color: #0a3978;\"><span style=\"caret-color: #0a3978;\"><b>Public Vis\u00e9 :<\/b><\/span><\/span><\/p>\n<div class=\"page\" title=\"Page 4\">\n<div class=\"section\">\n<div class=\"layoutArea\">\n<div class=\"column\">\n<p><strong>Professionnels de la Psychoth\u00e9rapie<\/strong> (Psychologues et Psychiatres), Psychoth\u00e9rapeutes inscrits au registre (selon la l\u00e9gislation du pays). Professionnels de la sant\u00e9 avec une pratique de la relation d\u2019aide. <strong>N\u00e9cessit\u00e9 d\u2019avoir suivi une formation initiale \u00e0 l\u2019ACT.<\/strong> Pas d\u2019inscription \u00e9tudiant possible sauf si une pratique de l&rsquo;ACT a d\u00e9j\u00e0 commenc\u00e9 (Stages&#8230;)<\/p>\n<p><strong>Cas particuliers, prise en charge directe par un organisme financeur<\/strong> : contacter par email : contact@irppsy.com<\/p>\n<p>ou<\/p>\n<p><img loading=\"lazy\" decoding=\"async\" class=\" wp-image-1054\" src=\"https:\/\/www.irppsy.com\/wp-content\/uploads\/2022\/07\/Tel-Irppsy-1-300x59.png\" alt=\"Tel Irppsy\" width=\"157\" height=\"31\" srcset=\"https:\/\/www.irppsy.com\/wp-content\/uploads\/2022\/07\/Tel-Irppsy-1-300x59.png 300w, https:\/\/www.irppsy.com\/wp-content\/uploads\/2022\/07\/Tel-Irppsy-1.png 304w\" sizes=\"auto, (max-width: 157px) 100vw, 157px\" \/><\/p>\n<\/div>\n<\/div>\n<\/div>\n<\/div>\n<div class=\"page\" title=\"Page 2\">\n<div class=\"section\">\n<div class=\"layoutArea\">\n<div class=\"column\">\n<p><span style=\"color: #0a3978;\"><span style=\"caret-color: #0a3978;\"><b>Votre formateur :<\/b><\/span><\/span><\/p>\n<pre><strong><em>Christophe Cazauvieilh<\/em><\/strong><\/pre>\n<p><img loading=\"lazy\" decoding=\"async\" class=\"wp-image-439 aligncenter\" src=\"https:\/\/www.irppsy.com\/wp-content\/uploads\/2019\/08\/IRPPSY-PHOTO-CHRISTOPHE-CAZAUVIEILH-PHD--e1565798243611.png\" alt=\"IRPPSY PHOTO CHRISTOPHE CAZAUVIEILH PHD\" width=\"141\" height=\"112\" \/><\/p>\n<p><strong>Docteur en Psychologie de l\u2019universit\u00e9 de Bordeaux<\/strong>, il a obtenu la qualification aux fonctions de Ma\u00eetre de Conf\u00e9rence en Psychologie ( CNU section 16).<\/p>\n<p>Il a commenc\u00e9 \u00e0 pratiquer la Th\u00e9rapie d\u2019Acceptation et d\u2019Engagement en 2008, a travaill\u00e9 en institutions de soins (public et priv\u00e9) et en lib\u00e9ral. <strong>Ancien vice-pr\u00e9sident (2014-2015) de l\u2019Association Francophone pour une Science Comportementale Contextuelle (Association ACT &#8211; AFSCC)<\/strong>, il diffuse les principes et outils de l\u2019ACT dans les enseignements aux professionnels de la sant\u00e9. Il a anim\u00e9 le Groupe d\u2019Entraide ACT Francophone (Intervision) en ligne, co-anim\u00e9 le groupe international d\u2019intervision (ACT peer network), et particip\u00e9 \u00e0 la redaction de l\u2019Ouvrage \u00ab ACT : applications th\u00e9rapeutiques \u00bb aux \u00e9ditions DUNOD.<\/p>\n<p>Passionn\u00e9 par la recherche, Il a \u00e9galement \u00e9t\u00e9 \u00ab Country Coordinator \u00bb pour la France \u00e0 la Society for Psychotherapy Research (SPR) qui regroupe les chercheurs internationaux de premier plan.<br \/>\n<strong>Il est \u00e9galement un pionnier dans la pr\u00e9sentation et l\u2019utilisation de la \u201cpratique d\u00e9lib\u00e9r\u00e9e\u201d pour les psychoth\u00e9rapeutes francophones<\/strong> et m\u00e8ne des recherches sur les d\u00e9veloppements de cette th\u00e9matique.<\/p>\n<p>Voir son profil linkedin \u00a0:<\/p>\n<p><img loading=\"lazy\" decoding=\"async\" class=\"alignnone size-full wp-image-1149\" src=\"https:\/\/www.irppsy.com\/wp-content\/uploads\/2021\/12\/D1B5B12D-9C6D-40F1-B7CF-5DF3C3248544-e1673273232567.png\" alt=\"Profil linkedin Christophe CAZAUVIEILH\" width=\"51\" height=\"51\" \/>\u00a0<a href=\"http:\/\/www.linkedin.com\/in\/christophe-cazauvieilh\" target=\"_blank\" rel=\"noopener\">www.linkedin.com\/in\/christophe-cazauvieilh<\/a><\/p>\n<\/div>\n<\/div>\n<\/div>\n<\/div>\n<p><!--more--><\/p>\n<p><strong><span style=\"color: #0a3978;\">Vous pouvez cliquez sur le lien de la brochure ci-dessous pour les informations d\u00e9taill\u00e9es :<\/span><\/strong><\/p>\n<p><a href=\"https:\/\/www.irppsy.com\/wp-content\/uploads\/2021\/12\/Plaquette-ACTflow-FOAD-Dec-2022-.pdf\">Plaquette IRPPSY ACTflow FOAD Dec 2022<\/a><\/p>\n<table cellspacing=\"0\" cellpadding=\"0\">\n<tbody>\n<tr>\n<td colspan=\"3\" valign=\"top\">\n<p align=\"center\"><span style=\"font-family: 'Helvetica Neue'; font-size: small;\"><b><span style=\"color: #a30003;\"><span style=\"caret-color: #a30003;\">TARIFS ACT FLOW A DISTANCE \u00a0(selon la date d&rsquo;inscription)<\/span><\/span><span style=\"color: #ffffff;\">IFS<\/span><\/b><\/span><\/p>\n<\/td>\n<\/tr>\n<tr>\n<td valign=\"middle\">\n<p align=\"justify\">\n<\/td>\n<td valign=\"middle\">\n<p align=\"center\"><span style=\"color: #073a6c; font-family: Helvetica Neue; font-size: small;\"><b>Particulier*<\/b><\/span><\/p>\n<\/td>\n<td valign=\"middle\">\n<p align=\"center\"><span style=\"color: #073a6c; font-family: Helvetica Neue; font-size: small;\"><b>Institution\/Entreprise**<\/b><\/span><\/p>\n<\/td>\n<\/tr>\n<tr>\n<td valign=\"middle\">\n<p align=\"justify\"><span style=\"color: #000000; font-family: Helvetica Neue; font-size: small;\">Anticip\u00e9\u00a0<\/span><\/p>\n<\/td>\n<td valign=\"middle\">\n<p align=\"center\"><span style=\"color: #000000; font-family: Helvetica Neue; font-size: small;\">400\u20ac<\/span><\/p>\n<\/td>\n<td valign=\"middle\">\n<p align=\"center\"><span style=\"color: #000000; font-family: Helvetica Neue; font-size: small;\">550\u20ac<\/span><\/p>\n<\/td>\n<\/tr>\n<tr>\n<td valign=\"middle\">\n<p align=\"justify\"><span style=\"color: #000000; font-family: Helvetica Neue; font-size: small;\">Tardif<\/span><\/p>\n<\/td>\n<td valign=\"middle\">\n<p align=\"center\"><span style=\"color: #000000; font-family: Helvetica Neue; font-size: small;\">500\u20ac<\/span><\/p>\n<\/td>\n<td valign=\"middle\">\n<p align=\"center\"><span style=\"color: #000000; font-family: Helvetica Neue; font-size: small;\">650\u20ac<\/span><\/p>\n<\/td>\n<\/tr>\n<tr>\n<td colspan=\"3\" valign=\"top\">\n<p align=\"justify\">\n<p align=\"justify\"><span style=\"color: #000000; font-family: Helvetica Neue; font-size: xx-small;\"><b><i>Le prix comprend les supports de formation au format num\u00e9rique.<\/i><\/b><\/span><\/p>\n<p align=\"justify\"><span style=\"color: #000000; font-family: Helvetica Neue; font-size: xx-small;\"><i>* Formation \u00e0 titre individuel ** Formation pay\u00e9e par l\u2019entreprise, le professionnel lib\u00e9ral ou par l\u2019institution.<\/i><\/span><\/p>\n<p align=\"justify\"><span style=\"color: #a30003; font-family: Helvetica Neue; font-size: xx-small;\"><b>Inscription : <\/b><a href=\"http:\/\/www.irppsy.com\/\"><u><b>www.irppsy.com<\/b><\/u><\/a><b> <\/b><\/span><\/p>\n<\/td>\n<\/tr>\n<\/tbody>\n<\/table>\n<p><strong><span style=\"color: #0a3978;\">Vous pouvez t\u00e9l\u00e9charger les documents et le bulletin d&rsquo;inscription en cliquant sur les liens ci-dessous :<\/span><\/strong><\/p>\n<div style=\"text-align: left;\">\n<p><a href=\"https:\/\/www.irppsy.com\/wp-content\/uploads\/2021\/03\/Bulletin-Inscription-2021-IRPPSY-FOAD-.pdf\">Bulletin Inscription IRPPSY FOAD<\/a><\/p>\n<\/div>\n<p><a href=\"https:\/\/www.irppsy.com\/wp-content\/uploads\/2021\/12\/CGI-et-Reglement-interieur-Nov-22-IRPPSY.pdf\">CGI et R\u00e9glement int\u00e9rieur IRPPSY<\/a><\/p>\n","protected":false},"excerpt":{"rendered":"<p>2 Journ\u00e9es pour entrainer vos comp\u00e9tences de mani\u00e8re cibl\u00e9e sur les 6 processus centraux de l&rsquo;ACT. Une formation unique en France depuis 2019 ! \u00a0 \u00a0 Envoyez nous un e-mail \u00e0 contact@irppsy.com si vous \u00eates int\u00e9ress\u00e9(e). La formation ACT FLOW vise \u00e0 am\u00e9liorer la flexibilit\u00e9 du th\u00e9rapeute et de la pratique de\u00a0l\u2019ACT, par une \u00e9valuation &hellip; <\/p>\n<p class=\"link-more\"><a href=\"https:\/\/www.irppsy.com\/index.php\/2021\/12\/06\/formation-act-flow\/\" class=\"more-link\">Continuer la lecture<span class=\"screen-reader-text\"> de &laquo;&nbsp;Formation ACT FLOW (NIV II) \u00a0\u00e0 Distance (zoom) 2023&nbsp;&raquo;<\/span><\/a><\/p>\n","protected":false},"author":1,"featured_media":0,"comment_status":"closed","ping_status":"closed","sticky":false,"template":"","format":"standard","meta":{"footnotes":""},"categories":[1],"tags":[],"class_list":["post-267","post","type-post","status-publish","format-standard","hentry","category-non-classe"],"_links":{"self":[{"href":"https:\/\/www.irppsy.com\/index.php\/wp-json\/wp\/v2\/posts\/267","targetHints":{"allow":["GET"]}}],"collection":[{"href":"https:\/\/www.irppsy.com\/index.php\/wp-json\/wp\/v2\/posts"}],"about":[{"href":"https:\/\/www.irppsy.com\/index.php\/wp-json\/wp\/v2\/types\/post"}],"author":[{"embeddable":true,"href":"https:\/\/www.irppsy.com\/index.php\/wp-json\/wp\/v2\/users\/1"}],"replies":[{"embeddable":true,"href":"https:\/\/www.irppsy.com\/index.php\/wp-json\/wp\/v2\/comments?post=267"}],"version-history":[{"count":62,"href":"https:\/\/www.irppsy.com\/index.php\/wp-json\/wp\/v2\/posts\/267\/revisions"}],"predecessor-version":[{"id":1243,"href":"https:\/\/www.irppsy.com\/index.php\/wp-json\/wp\/v2\/posts\/267\/revisions\/1243"}],"wp:attachment":[{"href":"https:\/\/www.irppsy.com\/index.php\/wp-json\/wp\/v2\/media?parent=267"}],"wp:term":[{"taxonomy":"category","embeddable":true,"href":"https:\/\/www.irppsy.com\/index.php\/wp-json\/wp\/v2\/categories?post=267"},{"taxonomy":"post_tag","embeddable":true,"href":"https:\/\/www.irppsy.com\/index.php\/wp-json\/wp\/v2\/tags?post=267"}],"curies":[{"name":"wp","href":"https:\/\/api.w.org\/{rel}","templated":true}]}}